{"id":302771,"date":"2026-09-02T15:54:27","date_gmt":"2026-09-02T13:54:27","guid":{"rendered":"https:\/\/www.orderofmalta.int\/?post_type=news&#038;p=302771"},"modified":"2026-09-02T15:57:27","modified_gmt":"2026-09-02T13:57:27","slug":"deutscher-parlamentarischer-staatssekretaer-michael-brand-zu-besuch-magistralpalast","status":"publish","type":"news","link":"https:\/\/www.orderofmalta.int\/de\/nachrichten\/deutscher-parlamentarischer-staatssekretaer-michael-brand-zu-besuch-magistralpalast\/","title":{"rendered":"Deutscher Parlamentarischer Staatssekret\u00e4r Michael Brand zu Besuch im Magistralpalast"},"featured_media":0,"menu_order":0,"template":"","class_list":["post-302771","news","type-news","status-publish","hentry","news_categories-diplomatischen-aktivitaten","news_categories-nachrichten"],"acf":{"not_a_news":false,"highlighted":"no","news_cover":{"id":302646,"url":"https:\/\/www.orderofmalta.int\/wp-content\/uploads\/2026\/09\/NICU1252_1.jpg"},"news_content":"<p>Der Generalsekret\u00e4r f\u00fcr ausw\u00e4rtige Angelegenheiten des Souver\u00e4nen Malteserordens, Botschafter Giampaolo Cantini, empfing heute im Magistralpalast Michael Brand, den Parlamentarischen Staatssekret\u00e4r bei der Bundesministerin f\u00fcr Bildung, Familie, Senioren, Frauen und Jugend der Bundesrepublik Deutschland. Das Treffen zeugt von der festen Freundschaft und Zusammenarbeit zwischen Deutschland und dem Malteserorden, die sich bereits seit dem 19. Jahrhundert durch eine enge Kooperation in den Bereichen humanit\u00e4re Hilfe, Gesundheitswesen und Soziales entwickelt hat und 2017 durch die Aufnahme diplomatischer Beziehungen besiegelt wurde.<\/p>\n<p>Hervorgehoben wurde die wichtige Unterst\u00fctzung der deutschen Regierung f\u00fcr die Aktivit\u00e4ten des Malteserordens, sowohl auf internationaler Ebene durch die Hilfsorganisation \u201aMalteser International\u2019 als auch in Deutschland, wo der Orden mit einem dichten Netzwerk von Einrichtungen und Organisationen sowie einem Rettungsdienst t\u00e4tig ist. Er stellt heute eine feste Gr\u00f6\u00dfe im deutschen Gesundheits- und Sozialwesen dar.<\/p>\n<p>Im Mittelpunkt der Gespr\u00e4che stand das weltweite Engagement des Malteserordens in Krisengebieten, mit besonderem Schwerpunkt auf der humanit\u00e4ren Hilfe in der Ukraine \u2013 wo der Orden mit medizinischen, psychologischen und logistischen Hilfsprogrammen f\u00fcr die Bev\u00f6lkerung t\u00e4tig ist \u2013 sowie im Nahen Osten, einschlie\u00dflich medizinischer Eins\u00e4tze und der Verteilung von Hilfsg\u00fctern zur Unterst\u00fctzung der Zivilbev\u00f6lkerung im Gazastreifen und im Libanon.<\/p>\n<p>In seiner Eigenschaft als Beauftragter der Bundesregierung f\u00fcr die Bek\u00e4mpfung von Rassismus gegen Sinti und Roma und f\u00fcr die Lebensbedingungen der Sinti und Roma in Deutschland zeigte Staatssekret\u00e4r Brand zudem Interesse an den Programmen des Ordens zugunsten der Roma-Gemeinschaften \u2013 ein konkretes Engagement, das der Orden durch die Koordination von Zentren f\u00fcr Bildungs- und Sozialarbeit in Ungarn, Rum\u00e4nien, der Slowakei, der Ukraine, Kroatien, Albanien und \u00d6sterreich umsetzt.<\/p>\n","news_gallery":"yes","news_gallery_elements":[{"id":302727,"url":"https:\/\/www.orderofmalta.int\/wp-content\/uploads\/2026\/09\/NICU1290_1.jpg"},{"id":302700,"url":"https:\/\/www.orderofmalta.int\/wp-content\/uploads\/2026\/09\/NICU1284_1.jpg"},{"id":302673,"url":"https:\/\/www.orderofmalta.int\/wp-content\/uploads\/2026\/09\/NICU1278_1.jpg"},{"id":302754,"url":"https:\/\/www.orderofmalta.int\/wp-content\/uploads\/2026\/09\/NICU1310_1.jpg"}],"news_excerpt":"Der Generalsekret\u00e4r f\u00fcr ausw\u00e4rtige Angelegenheiten des Souver\u00e4nen Malteserordens, Botschafter Giampaolo Cantini, empfing heute im Magistralpalast Michael Brand, den Parlamentarischen Staatssekret\u00e4r bei der Bundesministerin f\u00fcr Bildung, Familie, Senioren, Frauen und Jugend der Bundesrepublik Deutschland.","focus_on":"no","breaking":"yes","evidence":"yes","hidden_news":"no","cover_image_copyrighted":false},"news_categories":[{"id":117,"name":"Diplomatischen aktivit\u00e4ten","slug":"diplomatischen-aktivitaten","description":"","link":"https:\/\/www.orderofmalta.int\/de\/nachrichten-kategorien\/nachrichten\/diplomatischen-aktivitaten\/"},{"id":115,"name":"Nachrichten","slug":"nachrichten","description":"","link":"https:\/\/www.orderofmalta.int\/de\/nachrichten-kategorien\/nachrichten\/"}],"_links":{"self":[{"href":"https:\/\/www.orderofmalta.int\/de\/wp-json\/wp\/v2\/notizie\/302771","targetHints":{"allow":["GET"]}}],"collection":[{"href":"https:\/\/www.orderofmalta.int\/de\/wp-json\/wp\/v2\/notizie"}],"about":[{"href":"https:\/\/www.orderofmalta.int\/de\/wp-json\/wp\/v2\/types\/news"}],"version-history":[{"count":1,"href":"https:\/\/www.orderofmalta.int\/de\/wp-json\/wp\/v2\/notizie\/302771\/revisions"}],"predecessor-version":[{"id":302772,"href":"https:\/\/www.orderofmalta.int\/de\/wp-json\/wp\/v2\/notizie\/302771\/revisions\/302772"}],"wp:attachment":[{"href":"https:\/\/www.orderofmalta.int\/de\/wp-json\/wp\/v2\/media?parent=302771"}],"curies":[{"name":"wp","href":"https:\/\/api.w.org\/{rel}","templated":true}]}}