{"id":302778,"date":"2026-09-02T15:54:27","date_gmt":"2026-09-02T13:54:27","guid":{"rendered":"https:\/\/www.orderofmalta.int\/?post_type=news&#038;p=302778"},"modified":"2026-09-03T10:25:40","modified_gmt":"2026-09-03T08:25:40","slug":"el-secretario-de-estado-aleman-michael-brand-visita-el-palacio-magistral","status":"publish","type":"news","link":"https:\/\/www.orderofmalta.int\/es\/noticias\/el-secretario-de-estado-aleman-michael-brand-visita-el-palacio-magistral\/","title":{"rendered":"El secretario de Estado Parlamentario alem\u00e1n Michael Brand visita el Palacio Magistral"},"featured_media":0,"menu_order":0,"template":"","class_list":["post-302778","news","type-news","status-publish","hentry","news_categories-actividades-diplomaticas","news_categories-noticias"],"acf":{"not_a_news":false,"highlighted":"no","news_cover":{"id":302660,"url":"https:\/\/www.orderofmalta.int\/wp-content\/uploads\/2026\/09\/NICU1252_1.jpg"},"news_content":"<p>El secretario general de Asuntos Exteriores de la Soberana y Militar Orden de Malta, el embajador Giampaolo Cantini, ha recibido hoy en el Palacio Magistral al secretario de Estado Parlamentario del Ministerio Federal de Educaci\u00f3n, Familia, Tercera Edad, Mujeres y Juventud de la Rep\u00fablica Federal de Alemania, Michael Brand. El encuentro pone de manifiesto la solidez de los lazos de amistad y cooperaci\u00f3n que unen a Alemania y a la Orden de Malta, que se remontan al siglo XIX mediante una estrecha colaboraci\u00f3n en los \u00e1mbitos humanitario, sanitario y social, y que se consolidaron en 2017 con el establecimiento de relaciones diplom\u00e1ticas.   <\/p>\n<p>Se ha destacado el importante apoyo del Gobierno alem\u00e1n a las actividades llevadas a cabo por la Orden de Malta, tanto a nivel internacional, a trav\u00e9s de la organizaci\u00f3n de ayuda Malteser International, como en Alemania, donde opera con una densa red de entidades y organizaciones y un cuerpo de ayuda, lo que la convierte hoy en d\u00eda en una presencia consolidada en el sector sanitario y de asistencia social alem\u00e1n. <\/p>\n<p>El compromiso de la Orden de Malta a nivel mundial en las zonas de crisis ha sido el tema central de las conversaciones, en particular la ayuda humanitaria en Ucrania, donde la Orden est\u00e1 presente con programas de apoyo m\u00e9dico, psicol\u00f3gico y log\u00edstico para la poblaci\u00f3n, y en Oriente Medio, incluidas las intervenciones sanitarias y la distribuci\u00f3n de bienes de primera necesidad en apoyo de la poblaci\u00f3n civil en Gaza y en el L\u00edbano.  <\/p>\n<p>En su calidad de comisario del Gobierno federal para la lucha contra el antigitanismo y para la vida de los sinti y los roman\u00edes en Alemania, el secretario de Estado Brand tambi\u00e9n ha mostrado su inter\u00e9s por los programas de la Orden en favor de las comunidades roman\u00edes, un compromiso concreto que la Orden lleva a cabo mediante la coordinaci\u00f3n de centros especializados en actividades educativas y sociales en Hungr\u00eda, Ruman\u00eda, Eslovaquia, Ucrania, Croacia, Albania y Austria.<\/p>\n","news_gallery":"yes","news_gallery_elements":[{"id":302741,"url":"https:\/\/www.orderofmalta.int\/wp-content\/uploads\/2026\/09\/NICU1290_1.jpg"},{"id":302714,"url":"https:\/\/www.orderofmalta.int\/wp-content\/uploads\/2026\/09\/NICU1284_1.jpg"},{"id":302687,"url":"https:\/\/www.orderofmalta.int\/wp-content\/uploads\/2026\/09\/NICU1278_1.jpg"},{"id":302768,"url":"https:\/\/www.orderofmalta.int\/wp-content\/uploads\/2026\/09\/NICU1310_1.jpg"}],"news_excerpt":"El secretario general de Asuntos Exteriores de la Soberana y Militar Orden de Malta, el embajador Giampaolo Cantini, ha recibido hoy en el Palacio Magistral al secretario de Estado Parlamentario del Ministerio Federal de Educaci\u00f3n, Familia, Tercera Edad, Mujeres y Juventud de la Rep\u00fablica Federal de Alemania, Michael Brand.","focus_on":"no","breaking":"yes","evidence":"yes","hidden_news":"no","cover_image_copyrighted":false},"news_categories":[{"id":158,"name":"Actividades diplom\u00e1ticas","slug":"actividades-diplomaticas","description":"","link":"https:\/\/www.orderofmalta.int\/es\/categorias-de-noticias\/noticias\/actividades-diplomaticas\/"},{"id":157,"name":"Noticias","slug":"noticias","description":"","link":"https:\/\/www.orderofmalta.int\/es\/categorias-de-noticias\/noticias\/"}],"_links":{"self":[{"href":"https:\/\/www.orderofmalta.int\/es\/wp-json\/wp\/v2\/notizie\/302778","targetHints":{"allow":["GET"]}}],"collection":[{"href":"https:\/\/www.orderofmalta.int\/es\/wp-json\/wp\/v2\/notizie"}],"about":[{"href":"https:\/\/www.orderofmalta.int\/es\/wp-json\/wp\/v2\/types\/news"}],"version-history":[{"count":3,"href":"https:\/\/www.orderofmalta.int\/es\/wp-json\/wp\/v2\/notizie\/302778\/revisions"}],"predecessor-version":[{"id":302781,"href":"https:\/\/www.orderofmalta.int\/es\/wp-json\/wp\/v2\/notizie\/302778\/revisions\/302781"}],"wp:attachment":[{"href":"https:\/\/www.orderofmalta.int\/es\/wp-json\/wp\/v2\/media?parent=302778"}],"curies":[{"name":"wp","href":"https:\/\/api.w.org\/{rel}","templated":true}]}}