{"id":302775,"date":"2026-09-02T15:54:27","date_gmt":"2026-09-02T13:54:27","guid":{"rendered":"https:\/\/www.orderofmalta.int\/?post_type=news&#038;p=302775"},"modified":"2026-09-02T16:43:56","modified_gmt":"2026-09-02T14:43:56","slug":"le-secretaire-etat-parlementaire-allemand-michael-brand-en-visite-au-palais-magistral","status":"publish","type":"news","link":"https:\/\/www.orderofmalta.int\/fr\/actualites\/le-secretaire-etat-parlementaire-allemand-michael-brand-en-visite-au-palais-magistral\/","title":{"rendered":"Le secr\u00e9taire d&rsquo;\u00c9tat parlementaire allemand Michael Brand en visite au Palais magistral"},"featured_media":0,"menu_order":0,"template":"","class_list":["post-302775","news","type-news","status-publish","hentry","news_categories-activites-diplomatiques","news_categories-actualites"],"acf":{"not_a_news":false,"highlighted":"no","news_cover":{"id":302645,"url":"https:\/\/www.orderofmalta.int\/wp-content\/uploads\/2026\/09\/NICU1252_1.jpg"},"news_content":"<p>Le secr\u00e9taire g\u00e9n\u00e9ral aux Affaires \u00e9trang\u00e8res de l\u2019Ordre souverain militaire de Malte, l\u2019ambassadeur Giampaolo Cantini, a re\u00e7u aujourd\u2019hui au Palais magistral le secr\u00e9taire d&rsquo;\u00c9tat parlementaire au sein du minist\u00e8re f\u00e9d\u00e9ral de l\u2019\u00c9ducation, de la Famille, des Personnes \u00e2g\u00e9es, des Femmes et de la Jeunesse de la R\u00e9publique f\u00e9d\u00e9rale d\u2019Allemagne, Michael Brand. Cette rencontre t\u00e9moigne de la solidit\u00e9 des liens d\u2019amiti\u00e9 et de coop\u00e9ration qui unissent l\u2019Allemagne et l\u2019Ordre de Malte, liens qui se sont d\u00e9velopp\u00e9s d\u00e8s le XIXe si\u00e8cle gr\u00e2ce \u00e0 une \u00e9troite collaboration dans les domaines humanitaire, sanitaire et social, et qui ont \u00e9t\u00e9 scell\u00e9s en 2017 par l\u2019\u00e9tablissement des relations diplomatiques.  <\/p>\n<p>L\u2019important soutien apport\u00e9 par le gouvernement allemand aux activit\u00e9s men\u00e9es par l\u2019Ordre de Malte a \u00e9t\u00e9 soulign\u00e9, tant au niveau international, par l\u2019interm\u00e9diaire de l\u2019agence humanitaire Malteser International, qu\u2019en Allemagne, o\u00f9 il op\u00e8re gr\u00e2ce \u00e0 un r\u00e9seau dense d\u2019entit\u00e9s et d\u2019organisations ainsi qu\u2019\u00e0 un corps de secours, et o\u00f9 il repr\u00e9sente aujourd\u2019hui une pr\u00e9sence bien \u00e9tablie dans le secteur de la sant\u00e9 et de l\u2019aide sociale allemand. <\/p>\n<p>Les \u00e9changes ont port\u00e9 principalement sur l\u2019engagement de l\u2019Ordre de Malte \u00e0 l\u2019\u00e9chelle mondiale dans les zones de crise, avec un accent particulier sur l\u2019aide humanitaire en Ukraine \u2013 o\u00f9 l\u2019Ordre est pr\u00e9sent avec des programmes de soutien m\u00e9dical, psychologique et logistique destin\u00e9s \u00e0 la population \u2013 et au Moyen-Orient, notamment les interventions sanitaires et la distribution de produits de premi\u00e8re n\u00e9cessit\u00e9 en faveur de la population civile \u00e0 Gaza et au Liban.  <\/p>\n<p>En sa qualit\u00e9 de commissaire du gouvernement f\u00e9d\u00e9ral charg\u00e9 de la lutte contre l\u2019antitsiganisme et de la promotion de la vie des Sintis et des Roms en Allemagne, le secr\u00e9taire d\u2019\u00c9tat Michael Brand a par ailleurs manifest\u00e9 son int\u00e9r\u00eat pour les programmes de l\u2019Ordre en faveur des communaut\u00e9s roms, un engagement concret que l\u2019Ordre met en \u0153uvre \u00e0 travers la coordination de centres sp\u00e9cialis\u00e9s dans les activit\u00e9s \u00e9ducatives et sociales, actifs en Hongrie, en Roumanie, en Slovaquie, en Ukraine, en Croatie, en Albanie et en Autriche. <\/p>\n","news_gallery":"yes","news_gallery_elements":[{"id":302726,"url":"https:\/\/www.orderofmalta.int\/wp-content\/uploads\/2026\/09\/NICU1290_1.jpg"},{"id":302699,"url":"https:\/\/www.orderofmalta.int\/wp-content\/uploads\/2026\/09\/NICU1284_1.jpg"},{"id":302672,"url":"https:\/\/www.orderofmalta.int\/wp-content\/uploads\/2026\/09\/NICU1278_1.jpg"},{"id":302753,"url":"https:\/\/www.orderofmalta.int\/wp-content\/uploads\/2026\/09\/NICU1310_1.jpg"}],"news_excerpt":"Le secr\u00e9taire g\u00e9n\u00e9ral aux Affaires \u00e9trang\u00e8res de l\u2019Ordre souverain militaire de Malte, l\u2019ambassadeur Giampaolo Cantini, a re\u00e7u aujourd\u2019hui au Palais magistral le secr\u00e9taire d'\u00c9tat parlementaire au sein du minist\u00e8re f\u00e9d\u00e9ral de l\u2019\u00c9ducation, de la Famille, des Personnes \u00e2g\u00e9es, des Femmes et de la Jeunesse de la R\u00e9publique f\u00e9d\u00e9rale d\u2019Allemagne, Michael Brand.","focus_on":"no","breaking":"yes","evidence":"yes","hidden_news":"no","cover_image_copyrighted":false},"news_categories":[{"id":97,"name":"Activit\u00e9s diplomatiques","slug":"activites-diplomatiques","description":"","link":"https:\/\/www.orderofmalta.int\/fr\/categories-de-actualites\/actualites\/activites-diplomatiques\/"},{"id":95,"name":"Actualit\u00e9s","slug":"actualites","description":"","link":"https:\/\/www.orderofmalta.int\/fr\/categories-de-actualites\/actualites\/"}],"_links":{"self":[{"href":"https:\/\/www.orderofmalta.int\/fr\/wp-json\/wp\/v2\/notizie\/302775","targetHints":{"allow":["GET"]}}],"collection":[{"href":"https:\/\/www.orderofmalta.int\/fr\/wp-json\/wp\/v2\/notizie"}],"about":[{"href":"https:\/\/www.orderofmalta.int\/fr\/wp-json\/wp\/v2\/types\/news"}],"version-history":[{"count":1,"href":"https:\/\/www.orderofmalta.int\/fr\/wp-json\/wp\/v2\/notizie\/302775\/revisions"}],"predecessor-version":[{"id":302776,"href":"https:\/\/www.orderofmalta.int\/fr\/wp-json\/wp\/v2\/notizie\/302775\/revisions\/302776"}],"wp:attachment":[{"href":"https:\/\/www.orderofmalta.int\/fr\/wp-json\/wp\/v2\/media?parent=302775"}],"curies":[{"name":"wp","href":"https:\/\/api.w.org\/{rel}","templated":true}]}}